{"id":10639,"date":"2019-09-11T16:19:09","date_gmt":"2019-09-11T14:19:09","guid":{"rendered":"https:\/\/freieszenemuc.de\/?p=10639"},"modified":"2021-02-05T11:32:59","modified_gmt":"2021-02-05T10:32:59","slug":"einladung-zur-informationsveranstaltung-verband-freie-darstellende-kuenste-bayern-e-v","status":"publish","type":"post","link":"https:\/\/freieszenemuc.de\/en\/einladung-zur-informationsveranstaltung-verband-freie-darstellende-kuenste-bayern-e-v\/","title":{"rendered":"EINLADUNG ZUR INFORMATIONSVERANSTALTUNG &#8211; Verband Freie Darstellende K\u00fcnste Bayern e.V."},"content":{"rendered":"<table border=\"0\" width=\"100%\" cellspacing=\"0\" cellpadding=\"0\" align=\"center\">\n<tbody>\n<tr>\n<td valign=\"top\" bgcolor=\"#f5f5f5\">\n<table border=\"0\" width=\"600\" cellspacing=\"0\" cellpadding=\"20\" align=\"center\">\n<tbody>\n<tr>\n<td><span style=\"color: #313131;\">INFO-VERANSTALTUNG<\/span><\/p>\n<p><span style=\"color: #313131;\">20.\u00a0September 2019<br \/>\nM\u00fcnchen\u00a0<\/span><\/p>\n<p align=\"left\"><span style=\"font-family: Verdana; font-size: xx-small;\">Verband Freie Darstellende K\u00fcnste Bayern e.V.<\/span><\/p>\n<\/td>\n<\/tr>\n<\/tbody>\n<\/table>\n<\/td>\n<\/tr>\n<\/tbody>\n<\/table>\n<table border=\"0\" width=\"600\" cellspacing=\"0\" cellpadding=\"0\" align=\"center\">\n<tbody>\n<tr>\n<td valign=\"top\"><strong><span style=\"font-size: large;\">EINLADUNG ZUR INFORMATIONSVERANSTALTUNG<\/span><\/strong><\/p>\n<p><strong><span style=\"font-size: small;\">Verband Freie Darstellende K\u00fcnste Bayern e.V.<\/span><\/strong><\/p>\n<p><strong><span style=\"color: #0000ff; font-size: small;\">Freitag 20. September 2019, 18:00 in M\u00fcnchen<\/span><\/strong><\/p>\n<p>&nbsp;<\/p>\n<p><strong>Kandidat*Innen<\/strong><\/p>\n<p><span style=\"color: #000000; font-size: small;\">Hiermit laden wir zur einer Informationsveranstaltung f\u00fcr Kandidaten und Kandidatinnen f\u00fcr den neuen Vorstand ein. An diesem Abend geht es um einen Information zu den Aufgaben<\/span><span style=\"color: #000000; font-size: small;\">, Umfang der Mitwirkung in Gremien, M\u00f6glichkeiten der Gestaltung und Wirkung\u00a0der\u00a0Verbandsarbeit.<\/span><\/p>\n<p>&nbsp;<\/p>\n<p><span style=\"color: #000000; font-size: small;\">F\u00fcr den\u00a0erweiterten und neuen Vorstand suchen wir\u00a0ebenso Mitglieder, die den Verband und T\u00e4tigkeiten mitgestalten wollen.\u00a0Alle, die sich einen Mitwirkung vorstellen k\u00f6nnen, m\u00f6chten ich dazu ausf\u00fchrlich informieren.<\/span><\/p>\n<p>&nbsp;<\/p>\n<p><span style=\"color: #000000; font-size: small;\">Je nach Anzahl der Teilnehmer w\u00e4hlen wir noch den Ort des Treffens aus.<\/span><\/p>\n<p><span style=\"color: #000000; font-size: small;\">F\u00fcr ausw\u00e4rtige Teilnehmer erstatten wir auch gerne die\u00a0Reisekosten nach dem Bundesreisekostengesetz (BRKG) nach M\u00fcnchen.<\/span><\/p>\n<p>&nbsp;<\/p>\n<p><span style=\"font-family: Tahoma;\"><span style=\"font-size: small;\"><strong><span style=\"font-size: large;\">Anmeldung<\/span><br \/>\n<a href=\"https:\/\/doodle.com\/poll\/dzadha3rhht6usb9\">https:\/\/doodle.com\/poll\/dzadha3rhht6usb9<\/a><\/strong><\/span><\/span><\/p>\n<p><span style=\"font-family: Tahoma;\"><span style=\"font-size: small;\"><strong>Vielen Dank!<\/strong><\/span><\/span><\/p>\n<p>&nbsp;<\/p>\n<p><span style=\"font-family: Tahoma; font-size: small;\">Mit besten Gr\u00fc\u00dfen<\/p>\n<p>Wolfgang Hauck<br \/>\n1 Vorsitzender<\/span>&nbsp;<\/td>\n<\/tr>\n<\/tbody>\n<\/table>\n","protected":false},"excerpt":{"rendered":"<p>INFO-VERANSTALTUNG 20.\u00a0September 2019 M\u00fcnchen\u00a0 Verband Freie Darstellende K\u00fcnste Bayern e.V. EINLADUNG ZUR INFORMATIONSVERANSTALTUNG Verband Freie Darstellende K\u00fcnste Bayern e.V. Freitag 20. September 2019, 18:00 in M\u00fcnchen &nbsp; Kandidat*Innen Hiermit laden [&hellip;]<\/p>\n","protected":false},"author":7,"featured_media":0,"comment_status":"closed","ping_status":"closed","sticky":false,"template":"","format":"standard","meta":{"_acf_changed":false,"_et_pb_use_builder":"","_et_pb_old_content":"","_et_gb_content_width":"","_price":"","_stock":"","_tribe_ticket_header":"","_tribe_default_ticket_provider":"","_tribe_ticket_capacity":"0","_ticket_start_date":"","_ticket_end_date":"","_tribe_ticket_show_description":"","_tribe_ticket_show_not_going":false,"_tribe_ticket_use_global_stock":"","_tribe_ticket_global_stock_level":"","_global_stock_mode":"","_global_stock_cap":"","_tribe_rsvp_for_event":"","_tribe_ticket_going_count":"","_tribe_ticket_not_going_count":"","_tribe_tickets_list":"[]","_tribe_ticket_has_attendee_info_fields":false,"iawp_total_views":0,"footnotes":""},"categories":[507,1411],"tags":[],"class_list":["post-10639","post","type-post","status-publish","format-standard","hentry","category-aktuell_intern","category-aktuelles"],"acf":[],"_links":{"self":[{"href":"https:\/\/freieszenemuc.de\/en\/wp-json\/wp\/v2\/posts\/10639","targetHints":{"allow":["GET"]}}],"collection":[{"href":"https:\/\/freieszenemuc.de\/en\/wp-json\/wp\/v2\/posts"}],"about":[{"href":"https:\/\/freieszenemuc.de\/en\/wp-json\/wp\/v2\/types\/post"}],"author":[{"embeddable":true,"href":"https:\/\/freieszenemuc.de\/en\/wp-json\/wp\/v2\/users\/7"}],"replies":[{"embeddable":true,"href":"https:\/\/freieszenemuc.de\/en\/wp-json\/wp\/v2\/comments?post=10639"}],"version-history":[{"count":1,"href":"https:\/\/freieszenemuc.de\/en\/wp-json\/wp\/v2\/posts\/10639\/revisions"}],"predecessor-version":[{"id":10654,"href":"https:\/\/freieszenemuc.de\/en\/wp-json\/wp\/v2\/posts\/10639\/revisions\/10654"}],"wp:attachment":[{"href":"https:\/\/freieszenemuc.de\/en\/wp-json\/wp\/v2\/media?parent=10639"}],"wp:term":[{"taxonomy":"category","embeddable":true,"href":"https:\/\/freieszenemuc.de\/en\/wp-json\/wp\/v2\/categories?post=10639"},{"taxonomy":"post_tag","embeddable":true,"href":"https:\/\/freieszenemuc.de\/en\/wp-json\/wp\/v2\/tags?post=10639"}],"curies":[{"name":"wp","href":"https:\/\/api.w.org\/{rel}","templated":true}]}}