{"id":7571,"date":"2018-10-19T16:33:29","date_gmt":"2018-10-19T14:33:29","guid":{"rendered":"https:\/\/freieszenemuc.de\/?p=7571"},"modified":"2021-02-05T11:35:31","modified_gmt":"2021-02-05T10:35:31","slug":"grund-zur-freude-aber-nicht-zum-feiern","status":"publish","type":"post","link":"https:\/\/freieszenemuc.de\/en\/grund-zur-freude-aber-nicht-zum-feiern\/","title":{"rendered":"Grund zur Freude, aber nicht zum Feiern"},"content":{"rendered":"<p class=\"p1\">Gemeinsame Pressemitteilung des Netzwerk Freie Szene Mu\u0308nchen und des Verbands freie Kinder- und Jugendtheater in Mu\u0308nchen zur Mittelerh\u00f6hung fu\u0308r die Freie Tanz- und Theaterszene durch die Landeshauptstadt Mu\u0308nchen<\/p>\n<p>&nbsp;<\/p>\n<p class=\"p1\">Am 11. Oktober hat der Mu\u0308nchner Stadtrat eine substantielle Erh\u00f6hung der Mittel fu\u0308r die Freien Darstellenden Ku\u0308nste in Mu\u0308nchen beschlossen. Rund eine Million Euro mehr an Mitteln wurden fu\u0308r die F\u00f6rderung von Theater und Tanz beschlossen, die F\u00f6rderung fu\u0308r freies Kinder- und Jugendtheater wurde um 205.000 Euro erh\u00f6ht. Als Interessensvertretung von 124 Ku\u0308nstler*innen in Mu\u0308nchen begru\u0308\u00dfen die beiden Vereinigungen der darstellenden Ku\u0308nstler*innen diesen Schritt der Stadt ausdru\u0308cklich.<\/p>\n<p class=\"p1\">Er ist ein Grund zur Freude, denn jeder Euro, der mehr in die Kultur investiert wird, macht unsere Stadt noch lebenswerter.<\/p>\n<p class=\"p1\">Der Zuwachs scheint in seiner Gr\u00f6\u00dfenordnung zun\u00e4chst immens: Bislang lag die F\u00f6rderung fu\u0308r Tanz und Theater bei 2,6 Mio. Euro, die fu\u0308r Kinder- und Jugendtheater bei 115.000. Ein Grund zum Feiern ist die Erh\u00f6hung allerdings nicht. Die Situation fu\u0308r die Ku\u0308nstler*innen in Mu\u0308nchen bleibt auch nach der Erh\u00f6hung schwierig. Es fehlt u\u0308berall an R\u00e4umen und Auffu\u0308hrungsorten. Fu\u0308r die sieben freien Bu\u0308hnen der Stadt hat sich die problematische Finanzierungssituation kaum verbessert. Dringender Handlungsbedarf besteht auch bei Prober\u00e4umen und Lagern.<\/p>\n<p class=\"p1\">Vor allem aber darf die Erh\u00f6hung nicht daru\u0308ber hinwegt\u00e4uschen, dass die Mittel fu\u0308r eine lebendige Szene nach wie vor viel zu gering sind. Die freien Ku\u0308nstler*innen in Mu\u0308nchen schaffen ein reiches, hochwertiges und ku\u0308nstlerisch wertvolles Kulturangebot &#8211; Tag fu\u0308r Tag, fu\u0308r alle Menschen dieser Stadt \u2013 dies oftmals indem sie sich selber ausbeuten und ihre prek\u00e4ren Lebensbedingungen dem ku\u0308nstlerischen Werk unterordnen.<\/p>\n<p class=\"p1\">Es ist an der Zeit, dass dieses gesellschaftliche Engagement in Form von fairen Arbeitsbedingungen und -perspektiven anerkannt wird. Eine Million Euro kann auf dem Weg dorthin nur ein erster Schritt sein. Deshalb ist es fu\u0308r die Ku\u0308nstler*innen in Mu\u0308nchen entscheidend, welche mittelfristige Perspektive fu\u0308r die Finanzierung und die Arbeitsbedingungen der freien Kunst in Mu\u0308nchen entwickelt werden kann. Die beiden Vereinigungen der darstellenden Ku\u0308nstler*innen fordern, den j\u00e4hrlichen F\u00f6rderetat fu\u0308r die Freie Szene auf eine Gr\u00f6\u00dfenordnung von 10 Millionen Euro aufzustocken.<\/p>\n<p class=\"p1\">Ein Volumen in dieser H\u00f6he wird die Stadt Mu\u0308nchen nicht alleine leisten k\u00f6nnen. Wir fordern das Land Bayern auf sich endlich auch dazu zu bekennen, Ku\u0308nstler*innen in Mu\u0308nchen zu f\u00f6rdern. Denn diese sind absurderweise von der F\u00f6rderung durch das Land ausgenommen. Die Landesregierung, die eigentlich durch die Verfassung gehalten ist, fu\u0308r Gleichbehandlung und fu\u0308r kulturellen Zugang im ganzen Land zu sorgen, schnu\u0308rt auf diese Weise den Mu\u0308nchner Ku\u0308nstler*innen den Hals zu und ignoriert zudem, wie stark das u\u0308brige Land von der Kreativarbeit in Mu\u0308nchen profitiert.<\/p>\n<p class=\"p1\">Hier sind beide &#8211; Kommune und Land \u2013 gefordert, den Ku\u0308nstler*innen Arbeitsbedingungen zu erm\u00f6glichen, die sozialen Mindeststandarts der Fairness genu\u0308gen.<\/p>\n<p class=\"p1\">Wenn das gelingt, wird auch Grund zum Feiern sein!<\/p>\n","protected":false},"excerpt":{"rendered":"<p>Gemeinsame Pressemitteilung des Netzwerk Freie Szene Mu\u0308nchen und des Verbands freie Kinder- und Jugendtheater in Mu\u0308nchen zur Mittelerh\u00f6hung fu\u0308r die Freie Tanz- und Theaterszene durch die Landeshauptstadt Mu\u0308nchen &nbsp; Am [&hellip;]<\/p>\n","protected":false},"author":7,"featured_media":0,"comment_status":"closed","ping_status":"closed","sticky":false,"template":"","format":"standard","meta":{"_acf_changed":false,"_et_pb_use_builder":"","_et_pb_old_content":"","_et_gb_content_width":"","_price":"","_stock":"","_tribe_ticket_header":"","_tribe_default_ticket_provider":"","_tribe_ticket_capacity":"0","_ticket_start_date":"","_ticket_end_date":"","_tribe_ticket_show_description":"","_tribe_ticket_show_not_going":false,"_tribe_ticket_use_global_stock":"","_tribe_ticket_global_stock_level":"","_global_stock_mode":"","_global_stock_cap":"","_tribe_rsvp_for_event":"","_tribe_ticket_going_count":"","_tribe_ticket_not_going_count":"","_tribe_tickets_list":"[]","_tribe_ticket_has_attendee_info_fields":false,"iawp_total_views":0,"footnotes":""},"categories":[507,1411],"tags":[],"class_list":["post-7571","post","type-post","status-publish","format-standard","hentry","category-aktuell_intern","category-aktuelles"],"acf":[],"_links":{"self":[{"href":"https:\/\/freieszenemuc.de\/en\/wp-json\/wp\/v2\/posts\/7571","targetHints":{"allow":["GET"]}}],"collection":[{"href":"https:\/\/freieszenemuc.de\/en\/wp-json\/wp\/v2\/posts"}],"about":[{"href":"https:\/\/freieszenemuc.de\/en\/wp-json\/wp\/v2\/types\/post"}],"author":[{"embeddable":true,"href":"https:\/\/freieszenemuc.de\/en\/wp-json\/wp\/v2\/users\/7"}],"replies":[{"embeddable":true,"href":"https:\/\/freieszenemuc.de\/en\/wp-json\/wp\/v2\/comments?post=7571"}],"version-history":[{"count":1,"href":"https:\/\/freieszenemuc.de\/en\/wp-json\/wp\/v2\/posts\/7571\/revisions"}],"predecessor-version":[{"id":7572,"href":"https:\/\/freieszenemuc.de\/en\/wp-json\/wp\/v2\/posts\/7571\/revisions\/7572"}],"wp:attachment":[{"href":"https:\/\/freieszenemuc.de\/en\/wp-json\/wp\/v2\/media?parent=7571"}],"wp:term":[{"taxonomy":"category","embeddable":true,"href":"https:\/\/freieszenemuc.de\/en\/wp-json\/wp\/v2\/categories?post=7571"},{"taxonomy":"post_tag","embeddable":true,"href":"https:\/\/freieszenemuc.de\/en\/wp-json\/wp\/v2\/tags?post=7571"}],"curies":[{"name":"wp","href":"https:\/\/api.w.org\/{rel}","templated":true}]}}